{"id":2703,"date":"2020-03-19T13:58:31","date_gmt":"2020-03-19T11:58:31","guid":{"rendered":"https:\/\/peslam.com\/noticias\/?p=2703"},"modified":"2020-03-19T14:47:12","modified_gmt":"2020-03-19T12:47:12","slug":"redes-sociales-y-coronavirus-que-hacer-y-que-no","status":"publish","type":"post","link":"https:\/\/peslam.com\/noticias\/redes-sociales-y-coronavirus-que-hacer-y-que-no\/","title":{"rendered":"Redes sociales y coronavirus. \u00bfQu\u00e9 hacer y que no?"},"content":{"rendered":"<p><strong>LA PRIMERA PANDEMIA EN LA ERA DIGITAL<\/strong><\/p>\n<p><strong>Tras la r\u00e1pida expansi\u00f3n en varios pa\u00edses al mismo tiempo, el Coronavirus (COVID-19) ha sido oficialmente declarado por la Organizaci\u00f3n Mundial de la Salud (OMS) como pandemia.<\/strong><\/p>\n<p>Durante los \u00faltimos d\u00edas estamos presenciando uno de los acontecimientos que sin duda van a marcar este 2020. El pasado 15 de Marzo, el presidente del Gobierno, anunciaba en un comunicado la implantaci\u00f3n de estado de alarma en todo territorio nacional para la contenci\u00f3n del Covid-19. La cuarentena esta repercutiendo en un aumento del tr\u00e1fico de internet, vi\u00e9ndose intensificada la actividad en redes sociales (RRSS). \u00bfPero qu\u00e9 nos pueden aportar las RRSS?<\/p>\n<p><strong>&#8211; INFORMACI\u00d3N<\/strong><\/p>\n<p>Esta pandemia tambi\u00e9n ha sido bautizada como &#8220;<strong>infodemia<\/strong>&#8221; debido a la sobrecarga de informaci\u00f3n, tanto cierta como falsa. Debes tener cuidado con la informaci\u00f3n y consejos que no provengan de fuentes fiables. La OMS ha llegado a un acuerdo con Google para cuando se busque la palabra &#8220;coronavirus&#8221; los primeros resultados sean de la p\u00e1gina de la Organizaci\u00f3n. Y lo mismo ocurre en otras plataformas como Facebook.<\/p>\n<p><strong>&#8211; HUMOR<\/strong><\/p>\n<p><img loading=\"lazy\" class=\"aligncenter wp-image-2715\" src=\"https:\/\/peslam.com\/noticias\/wp-content\/uploads\/2020\/03\/corona-1024x683.jpg\" alt=\"\" width=\"750\" height=\"500\" srcset=\"https:\/\/peslam.com\/noticias\/wp-content\/uploads\/2020\/03\/corona-1024x683.jpg 1024w, https:\/\/peslam.com\/noticias\/wp-content\/uploads\/2020\/03\/corona-300x200.jpg 300w, https:\/\/peslam.com\/noticias\/wp-content\/uploads\/2020\/03\/corona.jpg 1260w\" sizes=\"(max-width: 750px) 100vw, 750px\" \/><br \/>\nEn estos d\u00edas donde parece que las horas se hacen eternas tenemos la posibilidad de transmitir tranquilidad pero sobretodo lo que no puede faltar es el humor. Por ello, los &#8220;memes&#8221; se han convertido en uno de los productos m\u00e1s demandados de internet en los \u00faltimos tiempos.<br \/>\nImagen de la <a href=\"https:\/\/www.larazon.es\/cultura\/20200318\/2a4gqeuy6rh65logwvxfd25s44.html\" target=\"_blank\" rel=\"noopener noreferrer\">razon.es<\/a><\/p>\n<p><strong>&#8211; ENTRETENIMIENTO<\/strong><\/p>\n<p><img loading=\"lazy\" class=\"aligncenter wp-image-2719\" src=\"https:\/\/peslam.com\/noticias\/wp-content\/uploads\/2020\/03\/reinasofia.jpg\" alt=\"\" width=\"750\" height=\"563\" srcset=\"https:\/\/peslam.com\/noticias\/wp-content\/uploads\/2020\/03\/reinasofia.jpg 1600w, https:\/\/peslam.com\/noticias\/wp-content\/uploads\/2020\/03\/reinasofia-300x225.jpg 300w, https:\/\/peslam.com\/noticias\/wp-content\/uploads\/2020\/03\/reinasofia-1024x768.jpg 1024w, https:\/\/peslam.com\/noticias\/wp-content\/uploads\/2020\/03\/reinasofia-1536x1152.jpg 1536w\" sizes=\"(max-width: 750px) 100vw, 750px\" \/>Muchas son las iniciativas que est\u00e1n circulando por la red para mantenernos entretenidos. Ahora podemos acudir a un concierto desde casa con los directos a trav\u00e9s de Youtube o Instagram que ofrecen los artistas. O admirar verdaderas obras de arte expuestas en el <a href=\"https:\/\/www.museoreinasofia.es\/buscar?bundle=%28video%20OR%20audio%20OR%20radio%29&amp;f%5B0%5D=bundle%3Avideo&amp;f%5B1%5D=im_field_categoria_multimedia%3A5328\" target=\"_blank\" rel=\"noopener noreferrer\">Museo Reina Sof\u00cda<\/a> gracias a su programaci\u00f3n digital.<\/p>\n<p><strong>&#8211; AYUDA DE FORMA SEGURA<\/strong><\/p>\n<p>Ofrece tus servicios dentro de tu sector para ayudar a los dem\u00e1s. Psic\u00f3logos, matronas, dentistas&#8230; son algunos ejemplos de profesionales que ofrecen sus servicios de forma telem\u00e1tica para aquellas personas que est\u00e1n aisladas y no saturar los servicios sanitarios.<\/p>\n<p>Y por supuesto, si quieres que nosotros te ayudemos en estos momentos, ahora nos tienes m\u00e1s cerca que nunca. Eso s\u00ed, v\u00eda online. \ud83d\ude09<\/p>\n<p>&nbsp;<\/p>\n<p>&nbsp;<\/p>\n","protected":false},"excerpt":{"rendered":"<p>LA PRIMERA PANDEMIA EN LA ERA DIGITAL Tras la r\u00e1pida expansi\u00f3n en varios pa\u00edses al mismo tiempo, el Coronavirus (COVID-19) ha sido oficialmente declarado por la Organizaci\u00f3n Mundial de la Salud (OMS) como pandemia. Durante los \u00faltimos d\u00edas estamos presenciando uno de los acontecimientos que sin duda van a marcar este 2020. El pasado 15&#8230;<\/p>\n","protected":false},"author":1,"featured_media":2704,"comment_status":"open","ping_status":"open","sticky":false,"template":"","format":"standard","meta":[],"categories":[1,146],"tags":[145,33],"yoast_head":"<!-- This site is optimized with the Yoast SEO plugin v17.1 - https:\/\/yoast.com\/wordpress\/plugins\/seo\/ -->\n<title>Redes sociales y coronavirus. \u00bfQu\u00e9 hacer y que no? - Noticias de dise\u00f1o web<\/title>\n<meta name=\"description\" content=\"Redes sociales y coronavirus. \u00bfQu\u00e9 debes hacer en ellas?. Noticias.\" \/>\n<meta name=\"robots\" content=\"index, follow, max-snippet:-1, max-image-preview:large, max-video-preview:-1\" \/>\n<link rel=\"canonical\" href=\"https:\/\/peslam.com\/noticias\/redes-sociales-y-coronavirus-que-hacer-y-que-no\/\" \/>\n<meta property=\"og:locale\" content=\"es_ES\" \/>\n<meta property=\"og:type\" content=\"article\" \/>\n<meta property=\"og:title\" content=\"Redes sociales y coronavirus. \u00bfQu\u00e9 hacer y que no? - Noticias de dise\u00f1o web\" \/>\n<meta property=\"og:description\" content=\"Redes sociales y coronavirus. \u00bfQu\u00e9 debes hacer en ellas?. Noticias.\" \/>\n<meta property=\"og:url\" content=\"https:\/\/peslam.com\/noticias\/redes-sociales-y-coronavirus-que-hacer-y-que-no\/\" \/>\n<meta property=\"og:site_name\" content=\"Noticias de dise\u00f1o web\" \/>\n<meta property=\"article:published_time\" content=\"2020-03-19T11:58:31+00:00\" \/>\n<meta property=\"article:modified_time\" content=\"2020-03-19T12:47:12+00:00\" \/>\n<meta property=\"og:image\" content=\"https:\/\/peslam.com\/noticias\/wp-content\/uploads\/2020\/03\/redes-sociales-coronavirus.jpg\" \/>\n\t<meta property=\"og:image:width\" content=\"960\" \/>\n\t<meta property=\"og:image:height\" content=\"640\" \/>\n<meta name=\"twitter:card\" content=\"summary_large_image\" \/>\n<meta name=\"twitter:label1\" content=\"Escrito por\" \/>\n\t<meta name=\"twitter:data1\" content=\"Peslam Estudios\" \/>\n\t<meta name=\"twitter:label2\" content=\"Tiempo de lectura\" \/>\n\t<meta name=\"twitter:data2\" content=\"2 minutos\" \/>\n<script type=\"application\/ld+json\" class=\"yoast-schema-graph\">{\"@context\":\"https:\/\/schema.org\",\"@graph\":[{\"@type\":\"Organization\",\"@id\":\"https:\/\/peslam.com\/noticias\/#organization\",\"name\":\"Peslam Estudios\",\"url\":\"https:\/\/peslam.com\/noticias\/\",\"sameAs\":[],\"logo\":{\"@type\":\"ImageObject\",\"@id\":\"https:\/\/peslam.com\/noticias\/#logo\",\"inLanguage\":\"es\",\"url\":\"https:\/\/peslam.com\/noticias\/wp-content\/uploads\/2019\/09\/Logo-Peslam-Estudios-Cabecera.png\",\"contentUrl\":\"https:\/\/peslam.com\/noticias\/wp-content\/uploads\/2019\/09\/Logo-Peslam-Estudios-Cabecera.png\",\"width\":433,\"height\":96,\"caption\":\"Peslam Estudios\"},\"image\":{\"@id\":\"https:\/\/peslam.com\/noticias\/#logo\"}},{\"@type\":\"WebSite\",\"@id\":\"https:\/\/peslam.com\/noticias\/#website\",\"url\":\"https:\/\/peslam.com\/noticias\/\",\"name\":\"Noticias de dise\\u00f1o web\",\"description\":\"Dise\\u00f1o de p\\u00e1ginas web\",\"publisher\":{\"@id\":\"https:\/\/peslam.com\/noticias\/#organization\"},\"potentialAction\":[{\"@type\":\"SearchAction\",\"target\":{\"@type\":\"EntryPoint\",\"urlTemplate\":\"https:\/\/peslam.com\/noticias\/?s={search_term_string}\"},\"query-input\":\"required name=search_term_string\"}],\"inLanguage\":\"es\"},{\"@type\":\"ImageObject\",\"@id\":\"https:\/\/peslam.com\/noticias\/redes-sociales-y-coronavirus-que-hacer-y-que-no\/#primaryimage\",\"inLanguage\":\"es\",\"url\":\"https:\/\/peslam.com\/noticias\/wp-content\/uploads\/2020\/03\/redes-sociales-coronavirus.jpg\",\"contentUrl\":\"https:\/\/peslam.com\/noticias\/wp-content\/uploads\/2020\/03\/redes-sociales-coronavirus.jpg\",\"width\":960,\"height\":640},{\"@type\":\"WebPage\",\"@id\":\"https:\/\/peslam.com\/noticias\/redes-sociales-y-coronavirus-que-hacer-y-que-no\/#webpage\",\"url\":\"https:\/\/peslam.com\/noticias\/redes-sociales-y-coronavirus-que-hacer-y-que-no\/\",\"name\":\"Redes sociales y coronavirus. \\u00bfQu\\u00e9 hacer y que no? - Noticias de dise\\u00f1o web\",\"isPartOf\":{\"@id\":\"https:\/\/peslam.com\/noticias\/#website\"},\"primaryImageOfPage\":{\"@id\":\"https:\/\/peslam.com\/noticias\/redes-sociales-y-coronavirus-que-hacer-y-que-no\/#primaryimage\"},\"datePublished\":\"2020-03-19T11:58:31+00:00\",\"dateModified\":\"2020-03-19T12:47:12+00:00\",\"description\":\"Redes sociales y coronavirus. \\u00bfQu\\u00e9 debes hacer en ellas?. Noticias.\",\"breadcrumb\":{\"@id\":\"https:\/\/peslam.com\/noticias\/redes-sociales-y-coronavirus-que-hacer-y-que-no\/#breadcrumb\"},\"inLanguage\":\"es\",\"potentialAction\":[{\"@type\":\"ReadAction\",\"target\":[\"https:\/\/peslam.com\/noticias\/redes-sociales-y-coronavirus-que-hacer-y-que-no\/\"]}]},{\"@type\":\"BreadcrumbList\",\"@id\":\"https:\/\/peslam.com\/noticias\/redes-sociales-y-coronavirus-que-hacer-y-que-no\/#breadcrumb\",\"itemListElement\":[{\"@type\":\"ListItem\",\"position\":1,\"name\":\"Portada\",\"item\":\"https:\/\/peslam.com\/noticias\/\"},{\"@type\":\"ListItem\",\"position\":2,\"name\":\"Redes sociales y coronavirus. \\u00bfQu\\u00e9 hacer y que no?\"}]},{\"@type\":\"Article\",\"@id\":\"https:\/\/peslam.com\/noticias\/redes-sociales-y-coronavirus-que-hacer-y-que-no\/#article\",\"isPartOf\":{\"@id\":\"https:\/\/peslam.com\/noticias\/redes-sociales-y-coronavirus-que-hacer-y-que-no\/#webpage\"},\"author\":{\"@id\":\"https:\/\/peslam.com\/noticias\/#\/schema\/person\/1b6bceaa1a6e7a289c70dc8ceb94d880\"},\"headline\":\"Redes sociales y coronavirus. \\u00bfQu\\u00e9 hacer y que no?\",\"datePublished\":\"2020-03-19T11:58:31+00:00\",\"dateModified\":\"2020-03-19T12:47:12+00:00\",\"mainEntityOfPage\":{\"@id\":\"https:\/\/peslam.com\/noticias\/redes-sociales-y-coronavirus-que-hacer-y-que-no\/#webpage\"},\"wordCount\":385,\"commentCount\":0,\"publisher\":{\"@id\":\"https:\/\/peslam.com\/noticias\/#organization\"},\"image\":{\"@id\":\"https:\/\/peslam.com\/noticias\/redes-sociales-y-coronavirus-que-hacer-y-que-no\/#primaryimage\"},\"thumbnailUrl\":\"https:\/\/peslam.com\/noticias\/wp-content\/uploads\/2020\/03\/redes-sociales-coronavirus.jpg\",\"keywords\":[\"Corona virus\",\"Redes sociales\"],\"articleSection\":[\"Noticias\",\"Redes Sociales\"],\"inLanguage\":\"es\",\"potentialAction\":[{\"@type\":\"CommentAction\",\"name\":\"Comment\",\"target\":[\"https:\/\/peslam.com\/noticias\/redes-sociales-y-coronavirus-que-hacer-y-que-no\/#respond\"]}]},{\"@type\":\"Person\",\"@id\":\"https:\/\/peslam.com\/noticias\/#\/schema\/person\/1b6bceaa1a6e7a289c70dc8ceb94d880\",\"name\":\"Peslam Estudios\",\"image\":{\"@type\":\"ImageObject\",\"@id\":\"https:\/\/peslam.com\/noticias\/#personlogo\",\"inLanguage\":\"es\",\"url\":\"https:\/\/secure.gravatar.com\/avatar\/056f1df64d2dc7c4e704e1c2ec3f786a?s=96&d=mm&r=g\",\"contentUrl\":\"https:\/\/secure.gravatar.com\/avatar\/056f1df64d2dc7c4e704e1c2ec3f786a?s=96&d=mm&r=g\",\"caption\":\"Peslam Estudios\"},\"url\":\"https:\/\/peslam.com\/noticias\/author\/admin\/\"}]}<\/script>\n<!-- \/ Yoast SEO plugin. -->","yoast_head_json":{"title":"Redes sociales y coronavirus. \u00bfQu\u00e9 hacer y que no? - Noticias de dise\u00f1o web","description":"Redes sociales y coronavirus. \u00bfQu\u00e9 debes hacer en ellas?. Noticias.","robots":{"index":"index","follow":"follow","max-snippet":"max-snippet:-1","max-image-preview":"max-image-preview:large","max-video-preview":"max-video-preview:-1"},"canonical":"https:\/\/peslam.com\/noticias\/redes-sociales-y-coronavirus-que-hacer-y-que-no\/","og_locale":"es_ES","og_type":"article","og_title":"Redes sociales y coronavirus. \u00bfQu\u00e9 hacer y que no? - Noticias de dise\u00f1o web","og_description":"Redes sociales y coronavirus. \u00bfQu\u00e9 debes hacer en ellas?. Noticias.","og_url":"https:\/\/peslam.com\/noticias\/redes-sociales-y-coronavirus-que-hacer-y-que-no\/","og_site_name":"Noticias de dise\u00f1o web","article_published_time":"2020-03-19T11:58:31+00:00","article_modified_time":"2020-03-19T12:47:12+00:00","og_image":[{"width":960,"height":640,"url":"https:\/\/peslam.com\/noticias\/wp-content\/uploads\/2020\/03\/redes-sociales-coronavirus.jpg","path":"\/home\/peslam0\/www\/noticias\/wp-content\/uploads\/2020\/03\/redes-sociales-coronavirus.jpg","size":"full","id":2704,"alt":"","pixels":614400,"type":"image\/jpeg"}],"twitter_card":"summary_large_image","twitter_misc":{"Escrito por":"Peslam Estudios","Tiempo de lectura":"2 minutos"},"schema":{"@context":"https:\/\/schema.org","@graph":[{"@type":"Organization","@id":"https:\/\/peslam.com\/noticias\/#organization","name":"Peslam Estudios","url":"https:\/\/peslam.com\/noticias\/","sameAs":[],"logo":{"@type":"ImageObject","@id":"https:\/\/peslam.com\/noticias\/#logo","inLanguage":"es","url":"https:\/\/peslam.com\/noticias\/wp-content\/uploads\/2019\/09\/Logo-Peslam-Estudios-Cabecera.png","contentUrl":"https:\/\/peslam.com\/noticias\/wp-content\/uploads\/2019\/09\/Logo-Peslam-Estudios-Cabecera.png","width":433,"height":96,"caption":"Peslam Estudios"},"image":{"@id":"https:\/\/peslam.com\/noticias\/#logo"}},{"@type":"WebSite","@id":"https:\/\/peslam.com\/noticias\/#website","url":"https:\/\/peslam.com\/noticias\/","name":"Noticias de dise\u00f1o web","description":"Dise\u00f1o de p\u00e1ginas web","publisher":{"@id":"https:\/\/peslam.com\/noticias\/#organization"},"potentialAction":[{"@type":"SearchAction","target":{"@type":"EntryPoint","urlTemplate":"https:\/\/peslam.com\/noticias\/?s={search_term_string}"},"query-input":"required name=search_term_string"}],"inLanguage":"es"},{"@type":"ImageObject","@id":"https:\/\/peslam.com\/noticias\/redes-sociales-y-coronavirus-que-hacer-y-que-no\/#primaryimage","inLanguage":"es","url":"https:\/\/peslam.com\/noticias\/wp-content\/uploads\/2020\/03\/redes-sociales-coronavirus.jpg","contentUrl":"https:\/\/peslam.com\/noticias\/wp-content\/uploads\/2020\/03\/redes-sociales-coronavirus.jpg","width":960,"height":640},{"@type":"WebPage","@id":"https:\/\/peslam.com\/noticias\/redes-sociales-y-coronavirus-que-hacer-y-que-no\/#webpage","url":"https:\/\/peslam.com\/noticias\/redes-sociales-y-coronavirus-que-hacer-y-que-no\/","name":"Redes sociales y coronavirus. \u00bfQu\u00e9 hacer y que no? - Noticias de dise\u00f1o web","isPartOf":{"@id":"https:\/\/peslam.com\/noticias\/#website"},"primaryImageOfPage":{"@id":"https:\/\/peslam.com\/noticias\/redes-sociales-y-coronavirus-que-hacer-y-que-no\/#primaryimage"},"datePublished":"2020-03-19T11:58:31+00:00","dateModified":"2020-03-19T12:47:12+00:00","description":"Redes sociales y coronavirus. \u00bfQu\u00e9 debes hacer en ellas?. Noticias.","breadcrumb":{"@id":"https:\/\/peslam.com\/noticias\/redes-sociales-y-coronavirus-que-hacer-y-que-no\/#breadcrumb"},"inLanguage":"es","potentialAction":[{"@type":"ReadAction","target":["https:\/\/peslam.com\/noticias\/redes-sociales-y-coronavirus-que-hacer-y-que-no\/"]}]},{"@type":"BreadcrumbList","@id":"https:\/\/peslam.com\/noticias\/redes-sociales-y-coronavirus-que-hacer-y-que-no\/#breadcrumb","itemListElement":[{"@type":"ListItem","position":1,"name":"Portada","item":"https:\/\/peslam.com\/noticias\/"},{"@type":"ListItem","position":2,"name":"Redes sociales y coronavirus. \u00bfQu\u00e9 hacer y que no?"}]},{"@type":"Article","@id":"https:\/\/peslam.com\/noticias\/redes-sociales-y-coronavirus-que-hacer-y-que-no\/#article","isPartOf":{"@id":"https:\/\/peslam.com\/noticias\/redes-sociales-y-coronavirus-que-hacer-y-que-no\/#webpage"},"author":{"@id":"https:\/\/peslam.com\/noticias\/#\/schema\/person\/1b6bceaa1a6e7a289c70dc8ceb94d880"},"headline":"Redes sociales y coronavirus. \u00bfQu\u00e9 hacer y que no?","datePublished":"2020-03-19T11:58:31+00:00","dateModified":"2020-03-19T12:47:12+00:00","mainEntityOfPage":{"@id":"https:\/\/peslam.com\/noticias\/redes-sociales-y-coronavirus-que-hacer-y-que-no\/#webpage"},"wordCount":385,"commentCount":0,"publisher":{"@id":"https:\/\/peslam.com\/noticias\/#organization"},"image":{"@id":"https:\/\/peslam.com\/noticias\/redes-sociales-y-coronavirus-que-hacer-y-que-no\/#primaryimage"},"thumbnailUrl":"https:\/\/peslam.com\/noticias\/wp-content\/uploads\/2020\/03\/redes-sociales-coronavirus.jpg","keywords":["Corona virus","Redes sociales"],"articleSection":["Noticias","Redes Sociales"],"inLanguage":"es","potentialAction":[{"@type":"CommentAction","name":"Comment","target":["https:\/\/peslam.com\/noticias\/redes-sociales-y-coronavirus-que-hacer-y-que-no\/#respond"]}]},{"@type":"Person","@id":"https:\/\/peslam.com\/noticias\/#\/schema\/person\/1b6bceaa1a6e7a289c70dc8ceb94d880","name":"Peslam Estudios","image":{"@type":"ImageObject","@id":"https:\/\/peslam.com\/noticias\/#personlogo","inLanguage":"es","url":"https:\/\/secure.gravatar.com\/avatar\/056f1df64d2dc7c4e704e1c2ec3f786a?s=96&d=mm&r=g","contentUrl":"https:\/\/secure.gravatar.com\/avatar\/056f1df64d2dc7c4e704e1c2ec3f786a?s=96&d=mm&r=g","caption":"Peslam Estudios"},"url":"https:\/\/peslam.com\/noticias\/author\/admin\/"}]}},"_links":{"self":[{"href":"https:\/\/peslam.com\/noticias\/wp-json\/wp\/v2\/posts\/2703"}],"collection":[{"href":"https:\/\/peslam.com\/noticias\/wp-json\/wp\/v2\/posts"}],"about":[{"href":"https:\/\/peslam.com\/noticias\/wp-json\/wp\/v2\/types\/post"}],"author":[{"embeddable":true,"href":"https:\/\/peslam.com\/noticias\/wp-json\/wp\/v2\/users\/1"}],"replies":[{"embeddable":true,"href":"https:\/\/peslam.com\/noticias\/wp-json\/wp\/v2\/comments?post=2703"}],"version-history":[{"count":11,"href":"https:\/\/peslam.com\/noticias\/wp-json\/wp\/v2\/posts\/2703\/revisions"}],"predecessor-version":[{"id":2720,"href":"https:\/\/peslam.com\/noticias\/wp-json\/wp\/v2\/posts\/2703\/revisions\/2720"}],"wp:featuredmedia":[{"embeddable":true,"href":"https:\/\/peslam.com\/noticias\/wp-json\/wp\/v2\/media\/2704"}],"wp:attachment":[{"href":"https:\/\/peslam.com\/noticias\/wp-json\/wp\/v2\/media?parent=2703"}],"wp:term":[{"taxonomy":"category","embeddable":true,"href":"https:\/\/peslam.com\/noticias\/wp-json\/wp\/v2\/categories?post=2703"},{"taxonomy":"post_tag","embeddable":true,"href":"https:\/\/peslam.com\/noticias\/wp-json\/wp\/v2\/tags?post=2703"}],"curies":[{"name":"wp","href":"https:\/\/api.w.org\/{rel}","templated":true}]}}