{"id":2788,"date":"2023-02-08T13:08:10","date_gmt":"2023-02-08T11:08:10","guid":{"rendered":"https:\/\/peslam.com\/noticias\/?p=2788"},"modified":"2023-02-08T13:09:16","modified_gmt":"2023-02-08T11:09:16","slug":"cual-es-el-precio-de-una-pagina-web-en-2023-porque-debes-contratar-a-profesionales","status":"publish","type":"post","link":"https:\/\/peslam.com\/noticias\/cual-es-el-precio-de-una-pagina-web-en-2023-porque-debes-contratar-a-profesionales\/","title":{"rendered":"\u00bfCu\u00e1l es el precio de una p\u00e1gina web en 2023?, \u00bfPorque debes contratar a profesionales?"},"content":{"rendered":"<h1>\u00bfCu\u00e1l es el precio de una p\u00e1gina web en 2023?, All\u00e1 vamos con algunas notas aclaratorias.<\/h1>\n<p>El <strong>precio de una p\u00e1gina web<\/strong> var\u00eda ampliamente dependiendo de varios factores, tales como:<\/p>\n<ol>\n<li><strong>Caracter\u00edsticas y funcionalidades:<\/strong> \u00bfQu\u00e9 tipo de p\u00e1gina web necesitas? \u00bfEs una p\u00e1gina de una sola p\u00e1gina o un sitio web completo con m\u00faltiples p\u00e1ginas y caracter\u00edsticas avanzadas?<\/li>\n<li><strong>Dise\u00f1o y personalizaci\u00f3n:<\/strong> \u00bfQuieres un dise\u00f1o personalizado o est\u00e1s dispuesto a usar un dise\u00f1o predeterminado o plantilla?<\/li>\n<li><strong>Experiencia del desarrollador:<\/strong> \u00bfEst\u00e1s trabajando con un desarrollador experimentado o un principiante?<\/li>\n<li><strong>Ubicaci\u00f3n:<\/strong> \u00bfD\u00f3nde est\u00e1 ubicado el desarrollador o la agencia que est\u00e1 construyendo tu sitio web?<\/li>\n<\/ol>\n<p>En general, el <strong>precio de una p\u00e1gina web<\/strong> puede variar desde algunos cientos de euros hasta miles de euros. Puedes encontrar desarrolladores y agencias que ofrezcan<strong> p\u00e1ginas web a precios m\u00e1s asequibles<\/strong>, pero es importante tener en cuenta que la calidad puede ser inferior. Por otro lado, una <strong>p\u00e1gina web de alta calidad<\/strong> con caracter\u00edsticas avanzadas y un dise\u00f1o personalizado puede costar varios miles de d\u00f3lares.<\/p>\n<p>Pero, \u00bfque ofrece una agencia de dise\u00f1o web profesional?<\/p>\n<div class=\"flex-1 overflow-hidden\">\n<div class=\"react-scroll-to-bottom--css-hlnkm-79elbk h-full dark:bg-gray-800\">\n<div class=\"react-scroll-to-bottom--css-hlnkm-1n7m0yu\">\n<div class=\"flex flex-col items-center text-sm h-full dark:bg-gray-800\">\n<div class=\"w-full border-b border-black\/10 dark:border-gray-900\/50 text-gray-800 dark:text-gray-100 group bg-gray-50 dark:bg-[#444654]\">\n<div class=\"text-base gap-4 md:gap-6 m-auto md:max-w-2xl lg:max-w-2xl xl:max-w-3xl p-4 md:py-6 flex lg:px-0\">\n<div class=\"relative flex w-[calc(100%-50px)] flex-col gap-1 md:gap-3 lg:w-[calc(100%-115px)]\">\n<div class=\"flex flex-grow flex-col gap-3\">\n<div class=\"min-h-[20px] flex flex-col items-start gap-4 whitespace-pre-wrap\">\n<div class=\"markdown prose w-full break-words dark:prose-invert light\">\n<p>Un dise\u00f1o web profesional ofrece varios aspectos clave que ayudan a mejorar la experiencia del usuario y a aumentar la visibilidad y el \u00e9xito de un sitio web. Algunos de estos aspectos incluyen:<\/p>\n<ol>\n<li><strong>Usuabilidad y accesibilidad:<\/strong> Un dise\u00f1o web profesional es intuitivo y f\u00e1cil de usar, y cumple con las normas de accesibilidad web para garantizar que todos los usuarios, incluyendo aquellos con discapacidades, puedan acceder y navegar por el sitio.<\/li>\n<li><strong>Responsive design:<\/strong> Un dise\u00f1o web profesional es responsivo, lo que significa que se ajusta autom\u00e1ticamente a diferentes tama\u00f1os de pantalla para ofrecer una experiencia \u00f3ptima en dispositivos m\u00f3viles y de escritorio.<\/li>\n<li><strong>Dise\u00f1o atractivo y cohesivo:<\/strong> Un dise\u00f1o web profesional utiliza una combinaci\u00f3n efectiva de colores, tipograf\u00edas, im\u00e1genes y otros elementos visuales para crear un dise\u00f1o atractivo y coherente que refleje la marca y la identidad de la empresa.<\/li>\n<li><strong>Navegaci\u00f3n clara y f\u00e1cil:<\/strong> Un dise\u00f1o web profesional proporciona una navegaci\u00f3n clara y f\u00e1cil, lo que ayuda a los usuarios a encontrar f\u00e1cilmente la informaci\u00f3n que est\u00e1n buscando y a moverse por el sitio de manera eficiente.<\/li>\n<li><strong>Optimizaci\u00f3n de motores de b\u00fasqueda (SEO):<\/strong> Un dise\u00f1o web profesional tiene en cuenta la optimizaci\u00f3n de motores de b\u00fasqueda (SEO) para ayudar a mejorar la visibilidad del sitio en los resultados de b\u00fasqueda y a atraer m\u00e1s tr\u00e1fico org\u00e1nico.<\/li>\n<\/ol>\n<p>En resumen, un dise\u00f1o web profesional ofrece una experiencia de usuario mejorada, una imagen de marca s\u00f3lida y una mayor visibilidad y \u00e9xito en l\u00ednea.<\/p>\n<p>El precio de una p\u00e1gina web puede variar mucho, hemos visto que en internet ofrecen webs desde 50\u20ac, pero una p\u00e1gina web profesional, trabajada, con funcionalidades, sin plantillas, y con una atenci\u00f3n al cliente donde le asesoras y le gu\u00edas en todo momento podemos estar hablando desde 1.500\u20ac hasta 3.500\u20ac.<\/p>\n<p>Como bien decimos todo depende de las funcionalidades y de lo que necesita cada cliente, por eso no queremos paquetizar nuestros servicios. Nos amoldamos a las necesidades de cada negocio.<\/p>\n<p>Y si a\u00fan as\u00ed te quedan dudas, ya sabes que <strong><a href=\"https:\/\/peslam.com\/contacto\/\">nos tienes aqu\u00ed. \ud83d\ude09\u00a0<\/a><\/strong><\/p>\n<p>&nbsp;<\/p>\n<\/div>\n<\/div>\n<\/div>\n<div class=\"flex justify-between\">\n<div class=\"text-gray-400 flex self-end lg:self-center justify-center mt-2 gap-3 md:gap-4 lg:gap-1 lg:absolute lg:top-0 lg:translate-x-full lg:right-0 lg:mt-0 lg:pl-2 visible\"><\/div>\n<\/div>\n<\/div>\n<\/div>\n<\/div>\n<div class=\"w-full h-32 md:h-48 flex-shrink-0\"><\/div>\n<\/div>\n<\/div>\n<\/div>\n<\/div>\n<div class=\"absolute bottom-0 left-0 w-full border-t md:border-t-0 dark:border-white\/20 md:border-transparent md:dark:border-transparent md:bg-vert-light-gradient bg-white dark:bg-gray-800 md:!bg-transparent dark:md:bg-vert-dark-gradient\">\n<form class=\"stretch mx-2 flex flex-row gap-3 pt-2 last:mb-2 md:last:mb-6 lg:mx-auto lg:max-w-3xl lg:pt-6\">\n<div class=\"relative flex h-full flex-1 md:flex-col\">\n<div class=\"flex ml-1 mt-1.5 md:w-full md:m-auto md:mb-2 gap-0 md:gap-2 justify-center\"><\/div>\n<div class=\"flex flex-col w-full py-2 flex-grow md:py-3 md:pl-4 relative border border-black\/10 bg-white dark:border-gray-900\/50 dark:text-white dark:bg-gray-700 rounded-md shadow-[0_0_10px_rgba(0,0,0,0.10)] dark:shadow-[0_0_15px_rgba(0,0,0,0.10)]\"><\/div>\n<\/div>\n<\/form>\n<\/div>\n","protected":false},"excerpt":{"rendered":"<p>\u00bfCu\u00e1l es el precio de una p\u00e1gina web en 2023?, All\u00e1 vamos con algunas notas aclaratorias. El precio de una p\u00e1gina web var\u00eda ampliamente dependiendo de varios factores, tales como: Caracter\u00edsticas y funcionalidades: \u00bfQu\u00e9 tipo de p\u00e1gina web necesitas? \u00bfEs una p\u00e1gina de una sola p\u00e1gina o un sitio web completo con m\u00faltiples p\u00e1ginas y&#8230;<\/p>\n","protected":false},"author":1,"featured_media":2789,"comment_status":"open","ping_status":"open","sticky":false,"template":"","format":"standard","meta":[],"categories":[58],"tags":[161],"yoast_head":"<!-- This site is optimized with the Yoast SEO plugin v17.1 - https:\/\/yoast.com\/wordpress\/plugins\/seo\/ -->\n<title>\u00bfCu\u00e1l es el precio de una p\u00e1gina web en 2023?, \u00bfPorque debes contratar a profesionales? - Noticias de dise\u00f1o web<\/title>\n<meta name=\"description\" content=\"Precio de una p\u00e1gina web en 2023, y porque debes contratar a una agencia profesional.\" \/>\n<meta name=\"robots\" content=\"index, follow, max-snippet:-1, max-image-preview:large, max-video-preview:-1\" \/>\n<link rel=\"canonical\" href=\"https:\/\/peslam.com\/noticias\/cual-es-el-precio-de-una-pagina-web-en-2023-porque-debes-contratar-a-profesionales\/\" \/>\n<meta property=\"og:locale\" content=\"es_ES\" \/>\n<meta property=\"og:type\" content=\"article\" \/>\n<meta property=\"og:title\" content=\"\u00bfCu\u00e1l es el precio de una p\u00e1gina web en 2023?, \u00bfPorque debes contratar a profesionales? - Noticias de dise\u00f1o web\" \/>\n<meta property=\"og:description\" content=\"Precio de una p\u00e1gina web en 2023, y porque debes contratar a una agencia profesional.\" \/>\n<meta property=\"og:url\" content=\"https:\/\/peslam.com\/noticias\/cual-es-el-precio-de-una-pagina-web-en-2023-porque-debes-contratar-a-profesionales\/\" \/>\n<meta property=\"og:site_name\" content=\"Noticias de dise\u00f1o web\" \/>\n<meta property=\"article:published_time\" content=\"2023-02-08T11:08:10+00:00\" \/>\n<meta property=\"article:modified_time\" content=\"2023-02-08T11:09:16+00:00\" \/>\n<meta property=\"og:image\" content=\"https:\/\/peslam.com\/noticias\/wp-content\/uploads\/2023\/02\/precios-pagina-web-1024x683.jpg\" \/>\n\t<meta property=\"og:image:width\" content=\"1024\" \/>\n\t<meta property=\"og:image:height\" content=\"683\" \/>\n<meta name=\"twitter:card\" content=\"summary_large_image\" \/>\n<meta name=\"twitter:label1\" content=\"Escrito por\" \/>\n\t<meta name=\"twitter:data1\" content=\"Peslam Estudios\" \/>\n\t<meta name=\"twitter:label2\" content=\"Tiempo de lectura\" \/>\n\t<meta name=\"twitter:data2\" content=\"3 minutos\" \/>\n<script type=\"application\/ld+json\" class=\"yoast-schema-graph\">{\"@context\":\"https:\/\/schema.org\",\"@graph\":[{\"@type\":\"Organization\",\"@id\":\"https:\/\/peslam.com\/noticias\/#organization\",\"name\":\"Peslam Estudios\",\"url\":\"https:\/\/peslam.com\/noticias\/\",\"sameAs\":[],\"logo\":{\"@type\":\"ImageObject\",\"@id\":\"https:\/\/peslam.com\/noticias\/#logo\",\"inLanguage\":\"es\",\"url\":\"https:\/\/peslam.com\/noticias\/wp-content\/uploads\/2019\/09\/Logo-Peslam-Estudios-Cabecera.png\",\"contentUrl\":\"https:\/\/peslam.com\/noticias\/wp-content\/uploads\/2019\/09\/Logo-Peslam-Estudios-Cabecera.png\",\"width\":433,\"height\":96,\"caption\":\"Peslam Estudios\"},\"image\":{\"@id\":\"https:\/\/peslam.com\/noticias\/#logo\"}},{\"@type\":\"WebSite\",\"@id\":\"https:\/\/peslam.com\/noticias\/#website\",\"url\":\"https:\/\/peslam.com\/noticias\/\",\"name\":\"Noticias de dise\\u00f1o web\",\"description\":\"Dise\\u00f1o de p\\u00e1ginas web\",\"publisher\":{\"@id\":\"https:\/\/peslam.com\/noticias\/#organization\"},\"potentialAction\":[{\"@type\":\"SearchAction\",\"target\":{\"@type\":\"EntryPoint\",\"urlTemplate\":\"https:\/\/peslam.com\/noticias\/?s={search_term_string}\"},\"query-input\":\"required name=search_term_string\"}],\"inLanguage\":\"es\"},{\"@type\":\"ImageObject\",\"@id\":\"https:\/\/peslam.com\/noticias\/cual-es-el-precio-de-una-pagina-web-en-2023-porque-debes-contratar-a-profesionales\/#primaryimage\",\"inLanguage\":\"es\",\"url\":\"https:\/\/peslam.com\/noticias\/wp-content\/uploads\/2023\/02\/precios-pagina-web.jpg\",\"contentUrl\":\"https:\/\/peslam.com\/noticias\/wp-content\/uploads\/2023\/02\/precios-pagina-web.jpg\",\"width\":7952,\"height\":5304,\"caption\":\"Precios p\\u00e1ginas web\"},{\"@type\":\"WebPage\",\"@id\":\"https:\/\/peslam.com\/noticias\/cual-es-el-precio-de-una-pagina-web-en-2023-porque-debes-contratar-a-profesionales\/#webpage\",\"url\":\"https:\/\/peslam.com\/noticias\/cual-es-el-precio-de-una-pagina-web-en-2023-porque-debes-contratar-a-profesionales\/\",\"name\":\"\\u00bfCu\\u00e1l es el precio de una p\\u00e1gina web en 2023?, \\u00bfPorque debes contratar a profesionales? - Noticias de dise\\u00f1o web\",\"isPartOf\":{\"@id\":\"https:\/\/peslam.com\/noticias\/#website\"},\"primaryImageOfPage\":{\"@id\":\"https:\/\/peslam.com\/noticias\/cual-es-el-precio-de-una-pagina-web-en-2023-porque-debes-contratar-a-profesionales\/#primaryimage\"},\"datePublished\":\"2023-02-08T11:08:10+00:00\",\"dateModified\":\"2023-02-08T11:09:16+00:00\",\"description\":\"Precio de una p\\u00e1gina web en 2023, y porque debes contratar a una agencia profesional.\",\"breadcrumb\":{\"@id\":\"https:\/\/peslam.com\/noticias\/cual-es-el-precio-de-una-pagina-web-en-2023-porque-debes-contratar-a-profesionales\/#breadcrumb\"},\"inLanguage\":\"es\",\"potentialAction\":[{\"@type\":\"ReadAction\",\"target\":[\"https:\/\/peslam.com\/noticias\/cual-es-el-precio-de-una-pagina-web-en-2023-porque-debes-contratar-a-profesionales\/\"]}]},{\"@type\":\"BreadcrumbList\",\"@id\":\"https:\/\/peslam.com\/noticias\/cual-es-el-precio-de-una-pagina-web-en-2023-porque-debes-contratar-a-profesionales\/#breadcrumb\",\"itemListElement\":[{\"@type\":\"ListItem\",\"position\":1,\"name\":\"Portada\",\"item\":\"https:\/\/peslam.com\/noticias\/\"},{\"@type\":\"ListItem\",\"position\":2,\"name\":\"\\u00bfCu\\u00e1l es el precio de una p\\u00e1gina web en 2023?, \\u00bfPorque debes contratar a profesionales?\"}]},{\"@type\":\"Article\",\"@id\":\"https:\/\/peslam.com\/noticias\/cual-es-el-precio-de-una-pagina-web-en-2023-porque-debes-contratar-a-profesionales\/#article\",\"isPartOf\":{\"@id\":\"https:\/\/peslam.com\/noticias\/cual-es-el-precio-de-una-pagina-web-en-2023-porque-debes-contratar-a-profesionales\/#webpage\"},\"author\":{\"@id\":\"https:\/\/peslam.com\/noticias\/#\/schema\/person\/1b6bceaa1a6e7a289c70dc8ceb94d880\"},\"headline\":\"\\u00bfCu\\u00e1l es el precio de una p\\u00e1gina web en 2023?, \\u00bfPorque debes contratar a profesionales?\",\"datePublished\":\"2023-02-08T11:08:10+00:00\",\"dateModified\":\"2023-02-08T11:09:16+00:00\",\"mainEntityOfPage\":{\"@id\":\"https:\/\/peslam.com\/noticias\/cual-es-el-precio-de-una-pagina-web-en-2023-porque-debes-contratar-a-profesionales\/#webpage\"},\"wordCount\":588,\"commentCount\":0,\"publisher\":{\"@id\":\"https:\/\/peslam.com\/noticias\/#organization\"},\"image\":{\"@id\":\"https:\/\/peslam.com\/noticias\/cual-es-el-precio-de-una-pagina-web-en-2023-porque-debes-contratar-a-profesionales\/#primaryimage\"},\"thumbnailUrl\":\"https:\/\/peslam.com\/noticias\/wp-content\/uploads\/2023\/02\/precios-pagina-web.jpg\",\"keywords\":[\"precio p\\u00e1gina web\"],\"articleSection\":[\"P\\u00e1gina web\"],\"inLanguage\":\"es\",\"potentialAction\":[{\"@type\":\"CommentAction\",\"name\":\"Comment\",\"target\":[\"https:\/\/peslam.com\/noticias\/cual-es-el-precio-de-una-pagina-web-en-2023-porque-debes-contratar-a-profesionales\/#respond\"]}]},{\"@type\":\"Person\",\"@id\":\"https:\/\/peslam.com\/noticias\/#\/schema\/person\/1b6bceaa1a6e7a289c70dc8ceb94d880\",\"name\":\"Peslam Estudios\",\"image\":{\"@type\":\"ImageObject\",\"@id\":\"https:\/\/peslam.com\/noticias\/#personlogo\",\"inLanguage\":\"es\",\"url\":\"https:\/\/secure.gravatar.com\/avatar\/056f1df64d2dc7c4e704e1c2ec3f786a?s=96&d=mm&r=g\",\"contentUrl\":\"https:\/\/secure.gravatar.com\/avatar\/056f1df64d2dc7c4e704e1c2ec3f786a?s=96&d=mm&r=g\",\"caption\":\"Peslam Estudios\"},\"url\":\"https:\/\/peslam.com\/noticias\/author\/admin\/\"}]}<\/script>\n<!-- \/ Yoast SEO plugin. -->","yoast_head_json":{"title":"\u00bfCu\u00e1l es el precio de una p\u00e1gina web en 2023?, \u00bfPorque debes contratar a profesionales? - Noticias de dise\u00f1o web","description":"Precio de una p\u00e1gina web en 2023, y porque debes contratar a una agencia profesional.","robots":{"index":"index","follow":"follow","max-snippet":"max-snippet:-1","max-image-preview":"max-image-preview:large","max-video-preview":"max-video-preview:-1"},"canonical":"https:\/\/peslam.com\/noticias\/cual-es-el-precio-de-una-pagina-web-en-2023-porque-debes-contratar-a-profesionales\/","og_locale":"es_ES","og_type":"article","og_title":"\u00bfCu\u00e1l es el precio de una p\u00e1gina web en 2023?, \u00bfPorque debes contratar a profesionales? - Noticias de dise\u00f1o web","og_description":"Precio de una p\u00e1gina web en 2023, y porque debes contratar a una agencia profesional.","og_url":"https:\/\/peslam.com\/noticias\/cual-es-el-precio-de-una-pagina-web-en-2023-porque-debes-contratar-a-profesionales\/","og_site_name":"Noticias de dise\u00f1o web","article_published_time":"2023-02-08T11:08:10+00:00","article_modified_time":"2023-02-08T11:09:16+00:00","og_image":[{"width":1024,"height":683,"path":"2023\/02\/precios-pagina-web-1024x683.jpg","url":"https:\/\/peslam.com\/noticias\/wp-content\/uploads\/2023\/02\/precios-pagina-web-1024x683.jpg","size":"large","id":2789,"alt":"Precios p\u00e1ginas web","pixels":699392,"type":"image\/jpeg"}],"twitter_card":"summary_large_image","twitter_misc":{"Escrito por":"Peslam Estudios","Tiempo de lectura":"3 minutos"},"schema":{"@context":"https:\/\/schema.org","@graph":[{"@type":"Organization","@id":"https:\/\/peslam.com\/noticias\/#organization","name":"Peslam Estudios","url":"https:\/\/peslam.com\/noticias\/","sameAs":[],"logo":{"@type":"ImageObject","@id":"https:\/\/peslam.com\/noticias\/#logo","inLanguage":"es","url":"https:\/\/peslam.com\/noticias\/wp-content\/uploads\/2019\/09\/Logo-Peslam-Estudios-Cabecera.png","contentUrl":"https:\/\/peslam.com\/noticias\/wp-content\/uploads\/2019\/09\/Logo-Peslam-Estudios-Cabecera.png","width":433,"height":96,"caption":"Peslam Estudios"},"image":{"@id":"https:\/\/peslam.com\/noticias\/#logo"}},{"@type":"WebSite","@id":"https:\/\/peslam.com\/noticias\/#website","url":"https:\/\/peslam.com\/noticias\/","name":"Noticias de dise\u00f1o web","description":"Dise\u00f1o de p\u00e1ginas web","publisher":{"@id":"https:\/\/peslam.com\/noticias\/#organization"},"potentialAction":[{"@type":"SearchAction","target":{"@type":"EntryPoint","urlTemplate":"https:\/\/peslam.com\/noticias\/?s={search_term_string}"},"query-input":"required name=search_term_string"}],"inLanguage":"es"},{"@type":"ImageObject","@id":"https:\/\/peslam.com\/noticias\/cual-es-el-precio-de-una-pagina-web-en-2023-porque-debes-contratar-a-profesionales\/#primaryimage","inLanguage":"es","url":"https:\/\/peslam.com\/noticias\/wp-content\/uploads\/2023\/02\/precios-pagina-web.jpg","contentUrl":"https:\/\/peslam.com\/noticias\/wp-content\/uploads\/2023\/02\/precios-pagina-web.jpg","width":7952,"height":5304,"caption":"Precios p\u00e1ginas web"},{"@type":"WebPage","@id":"https:\/\/peslam.com\/noticias\/cual-es-el-precio-de-una-pagina-web-en-2023-porque-debes-contratar-a-profesionales\/#webpage","url":"https:\/\/peslam.com\/noticias\/cual-es-el-precio-de-una-pagina-web-en-2023-porque-debes-contratar-a-profesionales\/","name":"\u00bfCu\u00e1l es el precio de una p\u00e1gina web en 2023?, \u00bfPorque debes contratar a profesionales? - Noticias de dise\u00f1o web","isPartOf":{"@id":"https:\/\/peslam.com\/noticias\/#website"},"primaryImageOfPage":{"@id":"https:\/\/peslam.com\/noticias\/cual-es-el-precio-de-una-pagina-web-en-2023-porque-debes-contratar-a-profesionales\/#primaryimage"},"datePublished":"2023-02-08T11:08:10+00:00","dateModified":"2023-02-08T11:09:16+00:00","description":"Precio de una p\u00e1gina web en 2023, y porque debes contratar a una agencia profesional.","breadcrumb":{"@id":"https:\/\/peslam.com\/noticias\/cual-es-el-precio-de-una-pagina-web-en-2023-porque-debes-contratar-a-profesionales\/#breadcrumb"},"inLanguage":"es","potentialAction":[{"@type":"ReadAction","target":["https:\/\/peslam.com\/noticias\/cual-es-el-precio-de-una-pagina-web-en-2023-porque-debes-contratar-a-profesionales\/"]}]},{"@type":"BreadcrumbList","@id":"https:\/\/peslam.com\/noticias\/cual-es-el-precio-de-una-pagina-web-en-2023-porque-debes-contratar-a-profesionales\/#breadcrumb","itemListElement":[{"@type":"ListItem","position":1,"name":"Portada","item":"https:\/\/peslam.com\/noticias\/"},{"@type":"ListItem","position":2,"name":"\u00bfCu\u00e1l es el precio de una p\u00e1gina web en 2023?, \u00bfPorque debes contratar a profesionales?"}]},{"@type":"Article","@id":"https:\/\/peslam.com\/noticias\/cual-es-el-precio-de-una-pagina-web-en-2023-porque-debes-contratar-a-profesionales\/#article","isPartOf":{"@id":"https:\/\/peslam.com\/noticias\/cual-es-el-precio-de-una-pagina-web-en-2023-porque-debes-contratar-a-profesionales\/#webpage"},"author":{"@id":"https:\/\/peslam.com\/noticias\/#\/schema\/person\/1b6bceaa1a6e7a289c70dc8ceb94d880"},"headline":"\u00bfCu\u00e1l es el precio de una p\u00e1gina web en 2023?, \u00bfPorque debes contratar a profesionales?","datePublished":"2023-02-08T11:08:10+00:00","dateModified":"2023-02-08T11:09:16+00:00","mainEntityOfPage":{"@id":"https:\/\/peslam.com\/noticias\/cual-es-el-precio-de-una-pagina-web-en-2023-porque-debes-contratar-a-profesionales\/#webpage"},"wordCount":588,"commentCount":0,"publisher":{"@id":"https:\/\/peslam.com\/noticias\/#organization"},"image":{"@id":"https:\/\/peslam.com\/noticias\/cual-es-el-precio-de-una-pagina-web-en-2023-porque-debes-contratar-a-profesionales\/#primaryimage"},"thumbnailUrl":"https:\/\/peslam.com\/noticias\/wp-content\/uploads\/2023\/02\/precios-pagina-web.jpg","keywords":["precio p\u00e1gina web"],"articleSection":["P\u00e1gina web"],"inLanguage":"es","potentialAction":[{"@type":"CommentAction","name":"Comment","target":["https:\/\/peslam.com\/noticias\/cual-es-el-precio-de-una-pagina-web-en-2023-porque-debes-contratar-a-profesionales\/#respond"]}]},{"@type":"Person","@id":"https:\/\/peslam.com\/noticias\/#\/schema\/person\/1b6bceaa1a6e7a289c70dc8ceb94d880","name":"Peslam Estudios","image":{"@type":"ImageObject","@id":"https:\/\/peslam.com\/noticias\/#personlogo","inLanguage":"es","url":"https:\/\/secure.gravatar.com\/avatar\/056f1df64d2dc7c4e704e1c2ec3f786a?s=96&d=mm&r=g","contentUrl":"https:\/\/secure.gravatar.com\/avatar\/056f1df64d2dc7c4e704e1c2ec3f786a?s=96&d=mm&r=g","caption":"Peslam Estudios"},"url":"https:\/\/peslam.com\/noticias\/author\/admin\/"}]}},"_links":{"self":[{"href":"https:\/\/peslam.com\/noticias\/wp-json\/wp\/v2\/posts\/2788"}],"collection":[{"href":"https:\/\/peslam.com\/noticias\/wp-json\/wp\/v2\/posts"}],"about":[{"href":"https:\/\/peslam.com\/noticias\/wp-json\/wp\/v2\/types\/post"}],"author":[{"embeddable":true,"href":"https:\/\/peslam.com\/noticias\/wp-json\/wp\/v2\/users\/1"}],"replies":[{"embeddable":true,"href":"https:\/\/peslam.com\/noticias\/wp-json\/wp\/v2\/comments?post=2788"}],"version-history":[{"count":3,"href":"https:\/\/peslam.com\/noticias\/wp-json\/wp\/v2\/posts\/2788\/revisions"}],"predecessor-version":[{"id":2792,"href":"https:\/\/peslam.com\/noticias\/wp-json\/wp\/v2\/posts\/2788\/revisions\/2792"}],"wp:featuredmedia":[{"embeddable":true,"href":"https:\/\/peslam.com\/noticias\/wp-json\/wp\/v2\/media\/2789"}],"wp:attachment":[{"href":"https:\/\/peslam.com\/noticias\/wp-json\/wp\/v2\/media?parent=2788"}],"wp:term":[{"taxonomy":"category","embeddable":true,"href":"https:\/\/peslam.com\/noticias\/wp-json\/wp\/v2\/categories?post=2788"},{"taxonomy":"post_tag","embeddable":true,"href":"https:\/\/peslam.com\/noticias\/wp-json\/wp\/v2\/tags?post=2788"}],"curies":[{"name":"wp","href":"https:\/\/api.w.org\/{rel}","templated":true}]}}