{"id":394,"date":"2017-05-03T11:56:43","date_gmt":"2017-05-03T10:56:43","guid":{"rendered":"https:\/\/peslam.com\/?p=394"},"modified":"2019-09-26T20:04:36","modified_gmt":"2019-09-26T18:04:36","slug":"facebook-permitira-poner-videos-como-foto-de-perfil","status":"publish","type":"post","link":"https:\/\/peslam.com\/noticias\/facebook-permitira-poner-videos-como-foto-de-perfil\/","title":{"rendered":"Facebook permitir\u00e1 poner videos como foto de perfil"},"content":{"rendered":"<h3 class=\"indexNormalDarkText\">\nLa red social de Mark Zuckerberg ha lanzado una serie de actualizaciones que ir\u00e1n llegando a todo el mundo de forma gradual. Los cambios van desde permitir a los usuarios personalizar mejor su perfil a trav\u00e9s de los dispositivos m\u00f3viles hasta controlar con m\u00e1s facilidad las configuraciones de seguridad. Y es que gran parte de los m\u00e1s de 10.000 millones de d\u00f3lares de ingresos anuales por publicidad que recibe Facebook es gracias a los smartphones.<br \/>\n<\/h3>\n<h3 class=\"indexNormalDarkText\">\nSin embargo, la opci\u00f3n que ha tenido mayor acogida es la que permite el uso de videos como foto de perfil. \u201cEsta herramienta es similar a Vine, una aplicaci\u00f3n para compartir videos que es propiedad de Twitter Inc\u201d, rese\u00f1a Reuters. Los clips podr\u00e1n tener una duraci\u00f3n m\u00e1xima de siete segundos.<br \/>\n<\/h3>\n<h3 class=\"indexNormalDarkText\">\nY eso no es todo. Para los usuarios que quieran apoyar una causa ben\u00e9fica, durante un tiempo espec\u00edfico, podr\u00e1n cargar una imagen para que se vea durante un corto per\u00edodo. La fotograf\u00eda provisional se cambiar\u00e1 autom\u00e1ticamente, en el tiempo que el usuario decida, por la predeterminada.<br \/>\n<\/h3>\n<h3 class=\"indexNormalDarkText\">\nEn cuanto a la configuraci\u00f3n de seguridad. Ahora los usuarios podr\u00e1n elegir con mayor precisi\u00f3n qu\u00e9 parte de su informaci\u00f3n es p\u00fablica y cu\u00e1l solo visible para &#8220;amigos&#8221; o a personas a las que se les permiti\u00f3 ver el perfil.<br \/>\n<\/h3>\n","protected":false},"excerpt":{"rendered":"<p>La red social de Mark Zuckerberg ha lanzado una serie de actualizaciones que ir\u00e1n llegando a todo el mundo de forma gradual. Los cambios van desde permitir a los usuarios personalizar mejor su perfil a trav\u00e9s de los dispositivos m\u00f3viles hasta controlar con m\u00e1s facilidad las configuraciones de seguridad. Y es que gran parte de&#8230;<\/p>\n","protected":false},"author":1,"featured_media":2389,"comment_status":"open","ping_status":"open","sticky":false,"template":"","format":"standard","meta":[],"categories":[31],"tags":[32,33],"yoast_head":"<!-- This site is optimized with the Yoast SEO plugin v17.1 - https:\/\/yoast.com\/wordpress\/plugins\/seo\/ -->\n<title>Facebook permitir\u00e1 poner videos como foto de perfil - Noticias de dise\u00f1o web<\/title>\n<meta name=\"robots\" content=\"index, follow, max-snippet:-1, max-image-preview:large, max-video-preview:-1\" \/>\n<link rel=\"canonical\" href=\"https:\/\/peslam.com\/noticias\/facebook-permitira-poner-videos-como-foto-de-perfil\/\" \/>\n<meta property=\"og:locale\" content=\"es_ES\" \/>\n<meta property=\"og:type\" content=\"article\" \/>\n<meta property=\"og:title\" content=\"Facebook permitir\u00e1 poner videos como foto de perfil - Noticias de dise\u00f1o web\" \/>\n<meta property=\"og:description\" content=\"La red social de Mark Zuckerberg ha lanzado una serie de actualizaciones que ir\u00e1n llegando a todo el mundo de forma gradual. Los cambios van desde permitir a los usuarios personalizar mejor su perfil a trav\u00e9s de los dispositivos m\u00f3viles hasta controlar con m\u00e1s facilidad las configuraciones de seguridad. Y es que gran parte de...\" \/>\n<meta property=\"og:url\" content=\"https:\/\/peslam.com\/noticias\/facebook-permitira-poner-videos-como-foto-de-perfil\/\" \/>\n<meta property=\"og:site_name\" content=\"Noticias de dise\u00f1o web\" \/>\n<meta property=\"article:published_time\" content=\"2017-05-03T10:56:43+00:00\" \/>\n<meta property=\"article:modified_time\" content=\"2019-09-26T18:04:36+00:00\" \/>\n<meta property=\"og:image\" content=\"https:\/\/peslam.com\/noticias\/wp-content\/uploads\/2019\/09\/mark.jpg\" \/>\n\t<meta property=\"og:image:width\" content=\"1024\" \/>\n\t<meta property=\"og:image:height\" content=\"543\" \/>\n<meta name=\"twitter:card\" content=\"summary_large_image\" \/>\n<meta name=\"twitter:label1\" content=\"Escrito por\" \/>\n\t<meta name=\"twitter:data1\" content=\"Peslam Estudios\" \/>\n\t<meta name=\"twitter:label2\" content=\"Tiempo de lectura\" \/>\n\t<meta name=\"twitter:data2\" content=\"1 minuto\" \/>\n<script type=\"application\/ld+json\" class=\"yoast-schema-graph\">{\"@context\":\"https:\/\/schema.org\",\"@graph\":[{\"@type\":\"Organization\",\"@id\":\"https:\/\/peslam.com\/noticias\/#organization\",\"name\":\"Peslam Estudios\",\"url\":\"https:\/\/peslam.com\/noticias\/\",\"sameAs\":[],\"logo\":{\"@type\":\"ImageObject\",\"@id\":\"https:\/\/peslam.com\/noticias\/#logo\",\"inLanguage\":\"es\",\"url\":\"https:\/\/peslam.com\/noticias\/wp-content\/uploads\/2019\/09\/Logo-Peslam-Estudios-Cabecera.png\",\"contentUrl\":\"https:\/\/peslam.com\/noticias\/wp-content\/uploads\/2019\/09\/Logo-Peslam-Estudios-Cabecera.png\",\"width\":433,\"height\":96,\"caption\":\"Peslam Estudios\"},\"image\":{\"@id\":\"https:\/\/peslam.com\/noticias\/#logo\"}},{\"@type\":\"WebSite\",\"@id\":\"https:\/\/peslam.com\/noticias\/#website\",\"url\":\"https:\/\/peslam.com\/noticias\/\",\"name\":\"Noticias de dise\\u00f1o web\",\"description\":\"Dise\\u00f1o de p\\u00e1ginas web\",\"publisher\":{\"@id\":\"https:\/\/peslam.com\/noticias\/#organization\"},\"potentialAction\":[{\"@type\":\"SearchAction\",\"target\":{\"@type\":\"EntryPoint\",\"urlTemplate\":\"https:\/\/peslam.com\/noticias\/?s={search_term_string}\"},\"query-input\":\"required name=search_term_string\"}],\"inLanguage\":\"es\"},{\"@type\":\"ImageObject\",\"@id\":\"https:\/\/peslam.com\/noticias\/facebook-permitira-poner-videos-como-foto-de-perfil\/#primaryimage\",\"inLanguage\":\"es\",\"url\":\"https:\/\/peslam.com\/noticias\/wp-content\/uploads\/2019\/09\/mark.jpg\",\"contentUrl\":\"https:\/\/peslam.com\/noticias\/wp-content\/uploads\/2019\/09\/mark.jpg\",\"width\":1024,\"height\":543},{\"@type\":\"WebPage\",\"@id\":\"https:\/\/peslam.com\/noticias\/facebook-permitira-poner-videos-como-foto-de-perfil\/#webpage\",\"url\":\"https:\/\/peslam.com\/noticias\/facebook-permitira-poner-videos-como-foto-de-perfil\/\",\"name\":\"Facebook permitir\\u00e1 poner videos como foto de perfil - Noticias de dise\\u00f1o web\",\"isPartOf\":{\"@id\":\"https:\/\/peslam.com\/noticias\/#website\"},\"primaryImageOfPage\":{\"@id\":\"https:\/\/peslam.com\/noticias\/facebook-permitira-poner-videos-como-foto-de-perfil\/#primaryimage\"},\"datePublished\":\"2017-05-03T10:56:43+00:00\",\"dateModified\":\"2019-09-26T18:04:36+00:00\",\"breadcrumb\":{\"@id\":\"https:\/\/peslam.com\/noticias\/facebook-permitira-poner-videos-como-foto-de-perfil\/#breadcrumb\"},\"inLanguage\":\"es\",\"potentialAction\":[{\"@type\":\"ReadAction\",\"target\":[\"https:\/\/peslam.com\/noticias\/facebook-permitira-poner-videos-como-foto-de-perfil\/\"]}]},{\"@type\":\"BreadcrumbList\",\"@id\":\"https:\/\/peslam.com\/noticias\/facebook-permitira-poner-videos-como-foto-de-perfil\/#breadcrumb\",\"itemListElement\":[{\"@type\":\"ListItem\",\"position\":1,\"name\":\"Portada\",\"item\":\"https:\/\/peslam.com\/noticias\/\"},{\"@type\":\"ListItem\",\"position\":2,\"name\":\"Facebook permitir\\u00e1 poner videos como foto de perfil\"}]},{\"@type\":\"Article\",\"@id\":\"https:\/\/peslam.com\/noticias\/facebook-permitira-poner-videos-como-foto-de-perfil\/#article\",\"isPartOf\":{\"@id\":\"https:\/\/peslam.com\/noticias\/facebook-permitira-poner-videos-como-foto-de-perfil\/#webpage\"},\"author\":{\"@id\":\"https:\/\/peslam.com\/noticias\/#\/schema\/person\/1b6bceaa1a6e7a289c70dc8ceb94d880\"},\"headline\":\"Facebook permitir\\u00e1 poner videos como foto de perfil\",\"datePublished\":\"2017-05-03T10:56:43+00:00\",\"dateModified\":\"2019-09-26T18:04:36+00:00\",\"mainEntityOfPage\":{\"@id\":\"https:\/\/peslam.com\/noticias\/facebook-permitira-poner-videos-como-foto-de-perfil\/#webpage\"},\"wordCount\":242,\"commentCount\":0,\"publisher\":{\"@id\":\"https:\/\/peslam.com\/noticias\/#organization\"},\"image\":{\"@id\":\"https:\/\/peslam.com\/noticias\/facebook-permitira-poner-videos-como-foto-de-perfil\/#primaryimage\"},\"thumbnailUrl\":\"https:\/\/peslam.com\/noticias\/wp-content\/uploads\/2019\/09\/mark.jpg\",\"keywords\":[\"Facebook\",\"Redes sociales\"],\"articleSection\":[\"Facebook\"],\"inLanguage\":\"es\",\"potentialAction\":[{\"@type\":\"CommentAction\",\"name\":\"Comment\",\"target\":[\"https:\/\/peslam.com\/noticias\/facebook-permitira-poner-videos-como-foto-de-perfil\/#respond\"]}]},{\"@type\":\"Person\",\"@id\":\"https:\/\/peslam.com\/noticias\/#\/schema\/person\/1b6bceaa1a6e7a289c70dc8ceb94d880\",\"name\":\"Peslam Estudios\",\"image\":{\"@type\":\"ImageObject\",\"@id\":\"https:\/\/peslam.com\/noticias\/#personlogo\",\"inLanguage\":\"es\",\"url\":\"https:\/\/secure.gravatar.com\/avatar\/056f1df64d2dc7c4e704e1c2ec3f786a?s=96&d=mm&r=g\",\"contentUrl\":\"https:\/\/secure.gravatar.com\/avatar\/056f1df64d2dc7c4e704e1c2ec3f786a?s=96&d=mm&r=g\",\"caption\":\"Peslam Estudios\"},\"url\":\"https:\/\/peslam.com\/noticias\/author\/admin\/\"}]}<\/script>\n<!-- \/ Yoast SEO plugin. -->","yoast_head_json":{"title":"Facebook permitir\u00e1 poner videos como foto de perfil - Noticias de dise\u00f1o web","robots":{"index":"index","follow":"follow","max-snippet":"max-snippet:-1","max-image-preview":"max-image-preview:large","max-video-preview":"max-video-preview:-1"},"canonical":"https:\/\/peslam.com\/noticias\/facebook-permitira-poner-videos-como-foto-de-perfil\/","og_locale":"es_ES","og_type":"article","og_title":"Facebook permitir\u00e1 poner videos como foto de perfil - Noticias de dise\u00f1o web","og_description":"La red social de Mark Zuckerberg ha lanzado una serie de actualizaciones que ir\u00e1n llegando a todo el mundo de forma gradual. Los cambios van desde permitir a los usuarios personalizar mejor su perfil a trav\u00e9s de los dispositivos m\u00f3viles hasta controlar con m\u00e1s facilidad las configuraciones de seguridad. Y es que gran parte de...","og_url":"https:\/\/peslam.com\/noticias\/facebook-permitira-poner-videos-como-foto-de-perfil\/","og_site_name":"Noticias de dise\u00f1o web","article_published_time":"2017-05-03T10:56:43+00:00","article_modified_time":"2019-09-26T18:04:36+00:00","og_image":[{"width":1024,"height":543,"url":"https:\/\/peslam.com\/noticias\/wp-content\/uploads\/2019\/09\/mark.jpg","path":"\/home\/peslam0\/www\/noticias\/wp-content\/uploads\/2019\/09\/mark.jpg","size":"full","id":2389,"alt":"","pixels":556032,"type":"image\/jpeg"}],"twitter_card":"summary_large_image","twitter_misc":{"Escrito por":"Peslam Estudios","Tiempo de lectura":"1 minuto"},"schema":{"@context":"https:\/\/schema.org","@graph":[{"@type":"Organization","@id":"https:\/\/peslam.com\/noticias\/#organization","name":"Peslam Estudios","url":"https:\/\/peslam.com\/noticias\/","sameAs":[],"logo":{"@type":"ImageObject","@id":"https:\/\/peslam.com\/noticias\/#logo","inLanguage":"es","url":"https:\/\/peslam.com\/noticias\/wp-content\/uploads\/2019\/09\/Logo-Peslam-Estudios-Cabecera.png","contentUrl":"https:\/\/peslam.com\/noticias\/wp-content\/uploads\/2019\/09\/Logo-Peslam-Estudios-Cabecera.png","width":433,"height":96,"caption":"Peslam Estudios"},"image":{"@id":"https:\/\/peslam.com\/noticias\/#logo"}},{"@type":"WebSite","@id":"https:\/\/peslam.com\/noticias\/#website","url":"https:\/\/peslam.com\/noticias\/","name":"Noticias de dise\u00f1o web","description":"Dise\u00f1o de p\u00e1ginas web","publisher":{"@id":"https:\/\/peslam.com\/noticias\/#organization"},"potentialAction":[{"@type":"SearchAction","target":{"@type":"EntryPoint","urlTemplate":"https:\/\/peslam.com\/noticias\/?s={search_term_string}"},"query-input":"required name=search_term_string"}],"inLanguage":"es"},{"@type":"ImageObject","@id":"https:\/\/peslam.com\/noticias\/facebook-permitira-poner-videos-como-foto-de-perfil\/#primaryimage","inLanguage":"es","url":"https:\/\/peslam.com\/noticias\/wp-content\/uploads\/2019\/09\/mark.jpg","contentUrl":"https:\/\/peslam.com\/noticias\/wp-content\/uploads\/2019\/09\/mark.jpg","width":1024,"height":543},{"@type":"WebPage","@id":"https:\/\/peslam.com\/noticias\/facebook-permitira-poner-videos-como-foto-de-perfil\/#webpage","url":"https:\/\/peslam.com\/noticias\/facebook-permitira-poner-videos-como-foto-de-perfil\/","name":"Facebook permitir\u00e1 poner videos como foto de perfil - Noticias de dise\u00f1o web","isPartOf":{"@id":"https:\/\/peslam.com\/noticias\/#website"},"primaryImageOfPage":{"@id":"https:\/\/peslam.com\/noticias\/facebook-permitira-poner-videos-como-foto-de-perfil\/#primaryimage"},"datePublished":"2017-05-03T10:56:43+00:00","dateModified":"2019-09-26T18:04:36+00:00","breadcrumb":{"@id":"https:\/\/peslam.com\/noticias\/facebook-permitira-poner-videos-como-foto-de-perfil\/#breadcrumb"},"inLanguage":"es","potentialAction":[{"@type":"ReadAction","target":["https:\/\/peslam.com\/noticias\/facebook-permitira-poner-videos-como-foto-de-perfil\/"]}]},{"@type":"BreadcrumbList","@id":"https:\/\/peslam.com\/noticias\/facebook-permitira-poner-videos-como-foto-de-perfil\/#breadcrumb","itemListElement":[{"@type":"ListItem","position":1,"name":"Portada","item":"https:\/\/peslam.com\/noticias\/"},{"@type":"ListItem","position":2,"name":"Facebook permitir\u00e1 poner videos como foto de perfil"}]},{"@type":"Article","@id":"https:\/\/peslam.com\/noticias\/facebook-permitira-poner-videos-como-foto-de-perfil\/#article","isPartOf":{"@id":"https:\/\/peslam.com\/noticias\/facebook-permitira-poner-videos-como-foto-de-perfil\/#webpage"},"author":{"@id":"https:\/\/peslam.com\/noticias\/#\/schema\/person\/1b6bceaa1a6e7a289c70dc8ceb94d880"},"headline":"Facebook permitir\u00e1 poner videos como foto de perfil","datePublished":"2017-05-03T10:56:43+00:00","dateModified":"2019-09-26T18:04:36+00:00","mainEntityOfPage":{"@id":"https:\/\/peslam.com\/noticias\/facebook-permitira-poner-videos-como-foto-de-perfil\/#webpage"},"wordCount":242,"commentCount":0,"publisher":{"@id":"https:\/\/peslam.com\/noticias\/#organization"},"image":{"@id":"https:\/\/peslam.com\/noticias\/facebook-permitira-poner-videos-como-foto-de-perfil\/#primaryimage"},"thumbnailUrl":"https:\/\/peslam.com\/noticias\/wp-content\/uploads\/2019\/09\/mark.jpg","keywords":["Facebook","Redes sociales"],"articleSection":["Facebook"],"inLanguage":"es","potentialAction":[{"@type":"CommentAction","name":"Comment","target":["https:\/\/peslam.com\/noticias\/facebook-permitira-poner-videos-como-foto-de-perfil\/#respond"]}]},{"@type":"Person","@id":"https:\/\/peslam.com\/noticias\/#\/schema\/person\/1b6bceaa1a6e7a289c70dc8ceb94d880","name":"Peslam Estudios","image":{"@type":"ImageObject","@id":"https:\/\/peslam.com\/noticias\/#personlogo","inLanguage":"es","url":"https:\/\/secure.gravatar.com\/avatar\/056f1df64d2dc7c4e704e1c2ec3f786a?s=96&d=mm&r=g","contentUrl":"https:\/\/secure.gravatar.com\/avatar\/056f1df64d2dc7c4e704e1c2ec3f786a?s=96&d=mm&r=g","caption":"Peslam Estudios"},"url":"https:\/\/peslam.com\/noticias\/author\/admin\/"}]}},"_links":{"self":[{"href":"https:\/\/peslam.com\/noticias\/wp-json\/wp\/v2\/posts\/394"}],"collection":[{"href":"https:\/\/peslam.com\/noticias\/wp-json\/wp\/v2\/posts"}],"about":[{"href":"https:\/\/peslam.com\/noticias\/wp-json\/wp\/v2\/types\/post"}],"author":[{"embeddable":true,"href":"https:\/\/peslam.com\/noticias\/wp-json\/wp\/v2\/users\/1"}],"replies":[{"embeddable":true,"href":"https:\/\/peslam.com\/noticias\/wp-json\/wp\/v2\/comments?post=394"}],"version-history":[{"count":1,"href":"https:\/\/peslam.com\/noticias\/wp-json\/wp\/v2\/posts\/394\/revisions"}],"predecessor-version":[{"id":2399,"href":"https:\/\/peslam.com\/noticias\/wp-json\/wp\/v2\/posts\/394\/revisions\/2399"}],"wp:featuredmedia":[{"embeddable":true,"href":"https:\/\/peslam.com\/noticias\/wp-json\/wp\/v2\/media\/2389"}],"wp:attachment":[{"href":"https:\/\/peslam.com\/noticias\/wp-json\/wp\/v2\/media?parent=394"}],"wp:term":[{"taxonomy":"category","embeddable":true,"href":"https:\/\/peslam.com\/noticias\/wp-json\/wp\/v2\/categories?post=394"},{"taxonomy":"post_tag","embeddable":true,"href":"https:\/\/peslam.com\/noticias\/wp-json\/wp\/v2\/tags?post=394"}],"curies":[{"name":"wp","href":"https:\/\/api.w.org\/{rel}","templated":true}]}}