{"id":397,"date":"2017-05-03T11:59:51","date_gmt":"2017-05-03T10:59:51","guid":{"rendered":"https:\/\/peslam.com\/?p=397"},"modified":"2019-09-26T20:10:27","modified_gmt":"2019-09-26T18:10:27","slug":"tendencias-en-diseno-grafico-para-2016","status":"publish","type":"post","link":"https:\/\/peslam.com\/noticias\/tendencias-en-diseno-grafico-para-2016\/","title":{"rendered":"Tendencias en dise\u00f1o gr\u00e1fico para 2016"},"content":{"rendered":"<h3 class=\"indexNormalDarkText\">Simplificar conceptos y crear tendencias visualmente muy atractivas son los principales retos del dise\u00f1o gr\u00e1fico para este a\u00f1o. A continuaci\u00f3n enlistamos algunos elementos muy recurrimos por los dise\u00f1adores tanto para elementos impresos como para web.<\/h3>\n","protected":false},"excerpt":{"rendered":"<p>Simplificar conceptos y crear tendencias visualmente muy atractivas son los principales retos del dise\u00f1o gr\u00e1fico para este a\u00f1o. A continuaci\u00f3n enlistamos algunos elementos muy recurrimos por los dise\u00f1adores tanto para elementos impresos como para web.<\/p>\n","protected":false},"author":1,"featured_media":2407,"comment_status":"open","ping_status":"open","sticky":false,"template":"","format":"standard","meta":[],"categories":[35],"tags":[34,36],"yoast_head":"<!-- This site is optimized with the Yoast SEO plugin v17.1 - https:\/\/yoast.com\/wordpress\/plugins\/seo\/ -->\n<title>Tendencias en dise\u00f1o gr\u00e1fico para 2016 - Noticias de dise\u00f1o web<\/title>\n<meta name=\"robots\" content=\"index, follow, max-snippet:-1, max-image-preview:large, max-video-preview:-1\" \/>\n<link rel=\"canonical\" href=\"https:\/\/peslam.com\/noticias\/tendencias-en-diseno-grafico-para-2016\/\" \/>\n<meta property=\"og:locale\" content=\"es_ES\" \/>\n<meta property=\"og:type\" content=\"article\" \/>\n<meta property=\"og:title\" content=\"Tendencias en dise\u00f1o gr\u00e1fico para 2016 - Noticias de dise\u00f1o web\" \/>\n<meta property=\"og:description\" content=\"Simplificar conceptos y crear tendencias visualmente muy atractivas son los principales retos del dise\u00f1o gr\u00e1fico para este a\u00f1o. A continuaci\u00f3n enlistamos algunos elementos muy recurrimos por los dise\u00f1adores tanto para elementos impresos como para web.\" \/>\n<meta property=\"og:url\" content=\"https:\/\/peslam.com\/noticias\/tendencias-en-diseno-grafico-para-2016\/\" \/>\n<meta property=\"og:site_name\" content=\"Noticias de dise\u00f1o web\" \/>\n<meta property=\"article:published_time\" content=\"2017-05-03T10:59:51+00:00\" \/>\n<meta property=\"article:modified_time\" content=\"2019-09-26T18:10:27+00:00\" \/>\n<meta property=\"og:image\" content=\"https:\/\/peslam.com\/noticias\/wp-content\/uploads\/2017\/05\/tendencias.jpg\" \/>\n\t<meta property=\"og:image:width\" content=\"1024\" \/>\n\t<meta property=\"og:image:height\" content=\"543\" \/>\n<meta name=\"twitter:card\" content=\"summary_large_image\" \/>\n<meta name=\"twitter:label1\" content=\"Escrito por\" \/>\n\t<meta name=\"twitter:data1\" content=\"Peslam Estudios\" \/>\n<script type=\"application\/ld+json\" class=\"yoast-schema-graph\">{\"@context\":\"https:\/\/schema.org\",\"@graph\":[{\"@type\":\"Organization\",\"@id\":\"https:\/\/peslam.com\/noticias\/#organization\",\"name\":\"Peslam Estudios\",\"url\":\"https:\/\/peslam.com\/noticias\/\",\"sameAs\":[],\"logo\":{\"@type\":\"ImageObject\",\"@id\":\"https:\/\/peslam.com\/noticias\/#logo\",\"inLanguage\":\"es\",\"url\":\"https:\/\/peslam.com\/noticias\/wp-content\/uploads\/2019\/09\/Logo-Peslam-Estudios-Cabecera.png\",\"contentUrl\":\"https:\/\/peslam.com\/noticias\/wp-content\/uploads\/2019\/09\/Logo-Peslam-Estudios-Cabecera.png\",\"width\":433,\"height\":96,\"caption\":\"Peslam Estudios\"},\"image\":{\"@id\":\"https:\/\/peslam.com\/noticias\/#logo\"}},{\"@type\":\"WebSite\",\"@id\":\"https:\/\/peslam.com\/noticias\/#website\",\"url\":\"https:\/\/peslam.com\/noticias\/\",\"name\":\"Noticias de dise\\u00f1o web\",\"description\":\"Dise\\u00f1o de p\\u00e1ginas web\",\"publisher\":{\"@id\":\"https:\/\/peslam.com\/noticias\/#organization\"},\"potentialAction\":[{\"@type\":\"SearchAction\",\"target\":{\"@type\":\"EntryPoint\",\"urlTemplate\":\"https:\/\/peslam.com\/noticias\/?s={search_term_string}\"},\"query-input\":\"required name=search_term_string\"}],\"inLanguage\":\"es\"},{\"@type\":\"ImageObject\",\"@id\":\"https:\/\/peslam.com\/noticias\/tendencias-en-diseno-grafico-para-2016\/#primaryimage\",\"inLanguage\":\"es\",\"url\":\"https:\/\/peslam.com\/noticias\/wp-content\/uploads\/2017\/05\/tendencias.jpg\",\"contentUrl\":\"https:\/\/peslam.com\/noticias\/wp-content\/uploads\/2017\/05\/tendencias.jpg\",\"width\":1024,\"height\":543},{\"@type\":\"WebPage\",\"@id\":\"https:\/\/peslam.com\/noticias\/tendencias-en-diseno-grafico-para-2016\/#webpage\",\"url\":\"https:\/\/peslam.com\/noticias\/tendencias-en-diseno-grafico-para-2016\/\",\"name\":\"Tendencias en dise\\u00f1o gr\\u00e1fico para 2016 - Noticias de dise\\u00f1o web\",\"isPartOf\":{\"@id\":\"https:\/\/peslam.com\/noticias\/#website\"},\"primaryImageOfPage\":{\"@id\":\"https:\/\/peslam.com\/noticias\/tendencias-en-diseno-grafico-para-2016\/#primaryimage\"},\"datePublished\":\"2017-05-03T10:59:51+00:00\",\"dateModified\":\"2019-09-26T18:10:27+00:00\",\"breadcrumb\":{\"@id\":\"https:\/\/peslam.com\/noticias\/tendencias-en-diseno-grafico-para-2016\/#breadcrumb\"},\"inLanguage\":\"es\",\"potentialAction\":[{\"@type\":\"ReadAction\",\"target\":[\"https:\/\/peslam.com\/noticias\/tendencias-en-diseno-grafico-para-2016\/\"]}]},{\"@type\":\"BreadcrumbList\",\"@id\":\"https:\/\/peslam.com\/noticias\/tendencias-en-diseno-grafico-para-2016\/#breadcrumb\",\"itemListElement\":[{\"@type\":\"ListItem\",\"position\":1,\"name\":\"Portada\",\"item\":\"https:\/\/peslam.com\/noticias\/\"},{\"@type\":\"ListItem\",\"position\":2,\"name\":\"Tendencias en dise\\u00f1o gr\\u00e1fico para 2016\"}]},{\"@type\":\"Article\",\"@id\":\"https:\/\/peslam.com\/noticias\/tendencias-en-diseno-grafico-para-2016\/#article\",\"isPartOf\":{\"@id\":\"https:\/\/peslam.com\/noticias\/tendencias-en-diseno-grafico-para-2016\/#webpage\"},\"author\":{\"@id\":\"https:\/\/peslam.com\/noticias\/#\/schema\/person\/1b6bceaa1a6e7a289c70dc8ceb94d880\"},\"headline\":\"Tendencias en dise\\u00f1o gr\\u00e1fico para 2016\",\"datePublished\":\"2017-05-03T10:59:51+00:00\",\"dateModified\":\"2019-09-26T18:10:27+00:00\",\"mainEntityOfPage\":{\"@id\":\"https:\/\/peslam.com\/noticias\/tendencias-en-diseno-grafico-para-2016\/#webpage\"},\"wordCount\":47,\"commentCount\":0,\"publisher\":{\"@id\":\"https:\/\/peslam.com\/noticias\/#organization\"},\"image\":{\"@id\":\"https:\/\/peslam.com\/noticias\/tendencias-en-diseno-grafico-para-2016\/#primaryimage\"},\"thumbnailUrl\":\"https:\/\/peslam.com\/noticias\/wp-content\/uploads\/2017\/05\/tendencias.jpg\",\"keywords\":[\"Caligraf\\u00eda\",\"Tendencias\"],\"articleSection\":[\"Tendencias\"],\"inLanguage\":\"es\",\"potentialAction\":[{\"@type\":\"CommentAction\",\"name\":\"Comment\",\"target\":[\"https:\/\/peslam.com\/noticias\/tendencias-en-diseno-grafico-para-2016\/#respond\"]}]},{\"@type\":\"Person\",\"@id\":\"https:\/\/peslam.com\/noticias\/#\/schema\/person\/1b6bceaa1a6e7a289c70dc8ceb94d880\",\"name\":\"Peslam Estudios\",\"image\":{\"@type\":\"ImageObject\",\"@id\":\"https:\/\/peslam.com\/noticias\/#personlogo\",\"inLanguage\":\"es\",\"url\":\"https:\/\/secure.gravatar.com\/avatar\/056f1df64d2dc7c4e704e1c2ec3f786a?s=96&d=mm&r=g\",\"contentUrl\":\"https:\/\/secure.gravatar.com\/avatar\/056f1df64d2dc7c4e704e1c2ec3f786a?s=96&d=mm&r=g\",\"caption\":\"Peslam Estudios\"},\"url\":\"https:\/\/peslam.com\/noticias\/author\/admin\/\"}]}<\/script>\n<!-- \/ Yoast SEO plugin. -->","yoast_head_json":{"title":"Tendencias en dise\u00f1o gr\u00e1fico para 2016 - Noticias de dise\u00f1o web","robots":{"index":"index","follow":"follow","max-snippet":"max-snippet:-1","max-image-preview":"max-image-preview:large","max-video-preview":"max-video-preview:-1"},"canonical":"https:\/\/peslam.com\/noticias\/tendencias-en-diseno-grafico-para-2016\/","og_locale":"es_ES","og_type":"article","og_title":"Tendencias en dise\u00f1o gr\u00e1fico para 2016 - Noticias de dise\u00f1o web","og_description":"Simplificar conceptos y crear tendencias visualmente muy atractivas son los principales retos del dise\u00f1o gr\u00e1fico para este a\u00f1o. A continuaci\u00f3n enlistamos algunos elementos muy recurrimos por los dise\u00f1adores tanto para elementos impresos como para web.","og_url":"https:\/\/peslam.com\/noticias\/tendencias-en-diseno-grafico-para-2016\/","og_site_name":"Noticias de dise\u00f1o web","article_published_time":"2017-05-03T10:59:51+00:00","article_modified_time":"2019-09-26T18:10:27+00:00","og_image":[{"width":1024,"height":543,"url":"https:\/\/peslam.com\/noticias\/wp-content\/uploads\/2017\/05\/tendencias.jpg","path":"\/home\/peslam0\/www\/noticias\/wp-content\/uploads\/2017\/05\/tendencias.jpg","size":"full","id":2407,"alt":"","pixels":556032,"type":"image\/jpeg"}],"twitter_card":"summary_large_image","twitter_misc":{"Escrito por":"Peslam Estudios"},"schema":{"@context":"https:\/\/schema.org","@graph":[{"@type":"Organization","@id":"https:\/\/peslam.com\/noticias\/#organization","name":"Peslam Estudios","url":"https:\/\/peslam.com\/noticias\/","sameAs":[],"logo":{"@type":"ImageObject","@id":"https:\/\/peslam.com\/noticias\/#logo","inLanguage":"es","url":"https:\/\/peslam.com\/noticias\/wp-content\/uploads\/2019\/09\/Logo-Peslam-Estudios-Cabecera.png","contentUrl":"https:\/\/peslam.com\/noticias\/wp-content\/uploads\/2019\/09\/Logo-Peslam-Estudios-Cabecera.png","width":433,"height":96,"caption":"Peslam Estudios"},"image":{"@id":"https:\/\/peslam.com\/noticias\/#logo"}},{"@type":"WebSite","@id":"https:\/\/peslam.com\/noticias\/#website","url":"https:\/\/peslam.com\/noticias\/","name":"Noticias de dise\u00f1o web","description":"Dise\u00f1o de p\u00e1ginas web","publisher":{"@id":"https:\/\/peslam.com\/noticias\/#organization"},"potentialAction":[{"@type":"SearchAction","target":{"@type":"EntryPoint","urlTemplate":"https:\/\/peslam.com\/noticias\/?s={search_term_string}"},"query-input":"required name=search_term_string"}],"inLanguage":"es"},{"@type":"ImageObject","@id":"https:\/\/peslam.com\/noticias\/tendencias-en-diseno-grafico-para-2016\/#primaryimage","inLanguage":"es","url":"https:\/\/peslam.com\/noticias\/wp-content\/uploads\/2017\/05\/tendencias.jpg","contentUrl":"https:\/\/peslam.com\/noticias\/wp-content\/uploads\/2017\/05\/tendencias.jpg","width":1024,"height":543},{"@type":"WebPage","@id":"https:\/\/peslam.com\/noticias\/tendencias-en-diseno-grafico-para-2016\/#webpage","url":"https:\/\/peslam.com\/noticias\/tendencias-en-diseno-grafico-para-2016\/","name":"Tendencias en dise\u00f1o gr\u00e1fico para 2016 - Noticias de dise\u00f1o web","isPartOf":{"@id":"https:\/\/peslam.com\/noticias\/#website"},"primaryImageOfPage":{"@id":"https:\/\/peslam.com\/noticias\/tendencias-en-diseno-grafico-para-2016\/#primaryimage"},"datePublished":"2017-05-03T10:59:51+00:00","dateModified":"2019-09-26T18:10:27+00:00","breadcrumb":{"@id":"https:\/\/peslam.com\/noticias\/tendencias-en-diseno-grafico-para-2016\/#breadcrumb"},"inLanguage":"es","potentialAction":[{"@type":"ReadAction","target":["https:\/\/peslam.com\/noticias\/tendencias-en-diseno-grafico-para-2016\/"]}]},{"@type":"BreadcrumbList","@id":"https:\/\/peslam.com\/noticias\/tendencias-en-diseno-grafico-para-2016\/#breadcrumb","itemListElement":[{"@type":"ListItem","position":1,"name":"Portada","item":"https:\/\/peslam.com\/noticias\/"},{"@type":"ListItem","position":2,"name":"Tendencias en dise\u00f1o gr\u00e1fico para 2016"}]},{"@type":"Article","@id":"https:\/\/peslam.com\/noticias\/tendencias-en-diseno-grafico-para-2016\/#article","isPartOf":{"@id":"https:\/\/peslam.com\/noticias\/tendencias-en-diseno-grafico-para-2016\/#webpage"},"author":{"@id":"https:\/\/peslam.com\/noticias\/#\/schema\/person\/1b6bceaa1a6e7a289c70dc8ceb94d880"},"headline":"Tendencias en dise\u00f1o gr\u00e1fico para 2016","datePublished":"2017-05-03T10:59:51+00:00","dateModified":"2019-09-26T18:10:27+00:00","mainEntityOfPage":{"@id":"https:\/\/peslam.com\/noticias\/tendencias-en-diseno-grafico-para-2016\/#webpage"},"wordCount":47,"commentCount":0,"publisher":{"@id":"https:\/\/peslam.com\/noticias\/#organization"},"image":{"@id":"https:\/\/peslam.com\/noticias\/tendencias-en-diseno-grafico-para-2016\/#primaryimage"},"thumbnailUrl":"https:\/\/peslam.com\/noticias\/wp-content\/uploads\/2017\/05\/tendencias.jpg","keywords":["Caligraf\u00eda","Tendencias"],"articleSection":["Tendencias"],"inLanguage":"es","potentialAction":[{"@type":"CommentAction","name":"Comment","target":["https:\/\/peslam.com\/noticias\/tendencias-en-diseno-grafico-para-2016\/#respond"]}]},{"@type":"Person","@id":"https:\/\/peslam.com\/noticias\/#\/schema\/person\/1b6bceaa1a6e7a289c70dc8ceb94d880","name":"Peslam Estudios","image":{"@type":"ImageObject","@id":"https:\/\/peslam.com\/noticias\/#personlogo","inLanguage":"es","url":"https:\/\/secure.gravatar.com\/avatar\/056f1df64d2dc7c4e704e1c2ec3f786a?s=96&d=mm&r=g","contentUrl":"https:\/\/secure.gravatar.com\/avatar\/056f1df64d2dc7c4e704e1c2ec3f786a?s=96&d=mm&r=g","caption":"Peslam Estudios"},"url":"https:\/\/peslam.com\/noticias\/author\/admin\/"}]}},"_links":{"self":[{"href":"https:\/\/peslam.com\/noticias\/wp-json\/wp\/v2\/posts\/397"}],"collection":[{"href":"https:\/\/peslam.com\/noticias\/wp-json\/wp\/v2\/posts"}],"about":[{"href":"https:\/\/peslam.com\/noticias\/wp-json\/wp\/v2\/types\/post"}],"author":[{"embeddable":true,"href":"https:\/\/peslam.com\/noticias\/wp-json\/wp\/v2\/users\/1"}],"replies":[{"embeddable":true,"href":"https:\/\/peslam.com\/noticias\/wp-json\/wp\/v2\/comments?post=397"}],"version-history":[{"count":1,"href":"https:\/\/peslam.com\/noticias\/wp-json\/wp\/v2\/posts\/397\/revisions"}],"predecessor-version":[{"id":2408,"href":"https:\/\/peslam.com\/noticias\/wp-json\/wp\/v2\/posts\/397\/revisions\/2408"}],"wp:featuredmedia":[{"embeddable":true,"href":"https:\/\/peslam.com\/noticias\/wp-json\/wp\/v2\/media\/2407"}],"wp:attachment":[{"href":"https:\/\/peslam.com\/noticias\/wp-json\/wp\/v2\/media?parent=397"}],"wp:term":[{"taxonomy":"category","embeddable":true,"href":"https:\/\/peslam.com\/noticias\/wp-json\/wp\/v2\/categories?post=397"},{"taxonomy":"post_tag","embeddable":true,"href":"https:\/\/peslam.com\/noticias\/wp-json\/wp\/v2\/tags?post=397"}],"curies":[{"name":"wp","href":"https:\/\/api.w.org\/{rel}","templated":true}]}}